{"id":311,"date":"2024-01-08T11:44:13","date_gmt":"2024-01-08T14:44:13","guid":{"rendered":"http:\/\/clinicajamal.com.br\/site\/?p=311"},"modified":"2024-01-08T11:48:02","modified_gmt":"2024-01-08T14:48:02","slug":"disturbios-da-degluticao","status":"publish","type":"post","link":"https:\/\/clinicajamal.com.br\/site\/disturbios-da-degluticao\/","title":{"rendered":"Dist\u00farbios da Degluti\u00e7\u00e3o"},"content":{"rendered":"<p><img decoding=\"async\" class=\"alignnone wp-image-312 size-full\" src=\"http:\/\/clinicajamal.com.br\/site\/wp-content\/uploads\/2024\/01\/Guido-Ivan-Blog-copiar.jpg\" alt=\"\" width=\"1500\" height=\"1000\" srcset=\"https:\/\/clinicajamal.com.br\/site\/wp-content\/uploads\/2024\/01\/Guido-Ivan-Blog-copiar-200x133.jpg 200w, https:\/\/clinicajamal.com.br\/site\/wp-content\/uploads\/2024\/01\/Guido-Ivan-Blog-copiar-300x200.jpg 300w, https:\/\/clinicajamal.com.br\/site\/wp-content\/uploads\/2024\/01\/Guido-Ivan-Blog-copiar-400x267.jpg 400w, https:\/\/clinicajamal.com.br\/site\/wp-content\/uploads\/2024\/01\/Guido-Ivan-Blog-copiar-600x400.jpg 600w, https:\/\/clinicajamal.com.br\/site\/wp-content\/uploads\/2024\/01\/Guido-Ivan-Blog-copiar-768x512.jpg 768w, https:\/\/clinicajamal.com.br\/site\/wp-content\/uploads\/2024\/01\/Guido-Ivan-Blog-copiar-800x533.jpg 800w, https:\/\/clinicajamal.com.br\/site\/wp-content\/uploads\/2024\/01\/Guido-Ivan-Blog-copiar-1024x683.jpg 1024w, https:\/\/clinicajamal.com.br\/site\/wp-content\/uploads\/2024\/01\/Guido-Ivan-Blog-copiar-1200x800.jpg 1200w, https:\/\/clinicajamal.com.br\/site\/wp-content\/uploads\/2024\/01\/Guido-Ivan-Blog-copiar.jpg 1500w\" sizes=\"(max-width: 1500px) 100vw, 1500px\" \/><\/p>\n<p>Os dist\u00farbios da degluti\u00e7\u00e3o, tamb\u00e9m conhecidos como disfagia, s\u00e3o condi\u00e7\u00f5es que afetam a capacidade de uma pessoa engolir alimentos e l\u00edquidos de forma segura e eficaz. Essas condi\u00e7\u00f5es podem variar de leves a graves e podem afetar pessoas de todas as idades. Neste texto, exploraremos os dist\u00farbios da degluti\u00e7\u00e3o, seus sintomas, diagn\u00f3stico e op\u00e7\u00f5es de tratamento, incluindo a terapia de reabilita\u00e7\u00e3o da degluti\u00e7\u00e3o.<\/p>\n<p>Dist\u00farbios da Degluti\u00e7\u00e3o: O Que S\u00e3o e Como se Manifestam<br \/>\nOs dist\u00farbios da degluti\u00e7\u00e3o podem se manifestar de v\u00e1rias maneiras e podem ser causados por uma variedade de fatores, incluindo les\u00f5es, doen\u00e7as neurol\u00f3gicas, c\u00e2ncer e envelhecimento. Alguns dos sintomas comuns associados a esses dist\u00farbios incluem:<\/p>\n<p>Dificuldade em Engolir: Pessoas com disfagia frequentemente t\u00eam dificuldade em iniciar o ato de engolir ou durante a degluti\u00e7\u00e3o.<\/p>\n<p>Engasgamento ou Tosse: Ocorre frequentemente durante ou ap\u00f3s a ingest\u00e3o de alimentos ou l\u00edquidos, devido a uma coordena\u00e7\u00e3o inadequada da degluti\u00e7\u00e3o.<\/p>\n<p>Dor ou Desconforto ao Engolir: Pode ocorrer dor no peito ou garganta ao engolir.<\/p>\n<p>Perda de Peso N\u00e3o Intencional: Devido \u00e0 dificuldade em consumir alimentos e l\u00edquidos de forma adequada, os pacientes podem experimentar perda de peso n\u00e3o intencional.<\/p>\n<p>Aspira\u00e7\u00e3o Pulmonar: A comida ou l\u00edquido pode entrar nas vias respirat\u00f3rias, levando a infec\u00e7\u00f5es pulmonares frequentes.<\/p>\n<p>Diagn\u00f3stico e Avalia\u00e7\u00e3o<br \/>\nPara diagnosticar e avaliar dist\u00farbios da degluti\u00e7\u00e3o, o paciente \u00e9 submetido a uma s\u00e9rie de testes e avalia\u00e7\u00f5es, que podem incluir:<\/p>\n<p>Avalia\u00e7\u00e3o Cl\u00ednica: O profissional de sa\u00fade realiza uma entrevista detalhada com o paciente para entender os sintomas e a hist\u00f3ria m\u00e9dica.<\/p>\n<p>Avalia\u00e7\u00e3o Videofluorosc\u00f3pica da Degluti\u00e7\u00e3o (VFSS): Um procedimento de raios-X em tempo real \u00e9 usado para observar a degluti\u00e7\u00e3o e identificar quaisquer problemas anat\u00f4micos ou funcionais.<\/p>\n<p>Endoscopia de Fibra \u00d3ptica: Uma sonda flex\u00edvel \u00e9 inserida no nariz ou na garganta para visualizar as estruturas envolvidas na degluti\u00e7\u00e3o.<\/p>\n<p>Manometria de Press\u00e3o da Faringe: Mede a press\u00e3o muscular na faringe durante a degluti\u00e7\u00e3o.<\/p>\n<p>Op\u00e7\u00f5es de Tratamento<br \/>\nO tratamento dos dist\u00farbios da degluti\u00e7\u00e3o depende da causa subjacente, da gravidade dos sintomas e das necessidades do paciente. As op\u00e7\u00f5es de tratamento podem incluir:<\/p>\n<p>Modifica\u00e7\u00e3o da Dieta: Para tornar a degluti\u00e7\u00e3o mais segura, o paciente pode precisar de uma dieta modificada com consist\u00eancias diferentes, como alimentos mais espessos ou l\u00edquidos mais densos.<\/p>\n<p>Exerc\u00edcios de Terapia da Degluti\u00e7\u00e3o: Terapia de reabilita\u00e7\u00e3o da degluti\u00e7\u00e3o, que envolve exerc\u00edcios espec\u00edficos para fortalecer os m\u00fasculos da degluti\u00e7\u00e3o, pode ser recomendada.<\/p>\n<p>Medicamentos: Em alguns casos, medicamentos podem ser prescritos para tratar condi\u00e7\u00f5es subjacentes, como refluxo \u00e1cido.<\/p>\n<p>Cirurgia: Em situa\u00e7\u00f5es mais graves ou quando a cirurgia \u00e9 necess\u00e1ria para corrigir problemas anat\u00f4micos, procedimentos cir\u00fargicos podem ser realizados.<\/p>\n<p>Implante de Marcapasso da Degluti\u00e7\u00e3o: Em casos espec\u00edficos, um marcapasso da degluti\u00e7\u00e3o pode ser implantado para melhorar a coordena\u00e7\u00e3o dos m\u00fasculos da degluti\u00e7\u00e3o.<\/p>\n<p>Acompanhamento Cont\u00ednuo: Pacientes com dist\u00farbios da degluti\u00e7\u00e3o geralmente requerem acompanhamento cont\u00ednuo para monitorar a efic\u00e1cia do tratamento e fazer ajustes conforme necess\u00e1rio.<\/p>\n<p>\u00c9 importante que os pacientes com dist\u00farbios da degluti\u00e7\u00e3o busquem a orienta\u00e7\u00e3o de um otorrinolaringologista ou fonoaudi\u00f3logo para uma avalia\u00e7\u00e3o e tratamento adequados. A terapia de reabilita\u00e7\u00e3o da degluti\u00e7\u00e3o desempenha um papel crucial na recupera\u00e7\u00e3o da capacidade de engolir com seguran\u00e7a, melhorando a qualidade de vida e prevenindo complica\u00e7\u00f5es relacionadas \u00e0 degluti\u00e7\u00e3o.<\/p>\n","protected":false},"excerpt":{"rendered":"<p>Os dist\u00farbios da degluti\u00e7\u00e3o, tamb\u00e9m conhecidos como disfagia, s\u00e3o condi\u00e7\u00f5es [&hellip;]<\/p>\n","protected":false},"author":2,"featured_media":312,"comment_status":"open","ping_status":"open","sticky":false,"template":"","format":"standard","meta":{"footnotes":""},"categories":[1],"tags":[54,55,44,56],"class_list":["post-311","post","type-post","status-publish","format-standard","has-post-thumbnail","hentry","category-sem-categoria","tag-degluticao","tag-disturbios-da-degluticao","tag-garganta","tag-otorrino"],"_links":{"self":[{"href":"https:\/\/clinicajamal.com.br\/site\/wp-json\/wp\/v2\/posts\/311","targetHints":{"allow":["GET"]}}],"collection":[{"href":"https:\/\/clinicajamal.com.br\/site\/wp-json\/wp\/v2\/posts"}],"about":[{"href":"https:\/\/clinicajamal.com.br\/site\/wp-json\/wp\/v2\/types\/post"}],"author":[{"embeddable":true,"href":"https:\/\/clinicajamal.com.br\/site\/wp-json\/wp\/v2\/users\/2"}],"replies":[{"embeddable":true,"href":"https:\/\/clinicajamal.com.br\/site\/wp-json\/wp\/v2\/comments?post=311"}],"version-history":[{"count":2,"href":"https:\/\/clinicajamal.com.br\/site\/wp-json\/wp\/v2\/posts\/311\/revisions"}],"predecessor-version":[{"id":314,"href":"https:\/\/clinicajamal.com.br\/site\/wp-json\/wp\/v2\/posts\/311\/revisions\/314"}],"wp:featuredmedia":[{"embeddable":true,"href":"https:\/\/clinicajamal.com.br\/site\/wp-json\/wp\/v2\/media\/312"}],"wp:attachment":[{"href":"https:\/\/clinicajamal.com.br\/site\/wp-json\/wp\/v2\/media?parent=311"}],"wp:term":[{"taxonomy":"category","embeddable":true,"href":"https:\/\/clinicajamal.com.br\/site\/wp-json\/wp\/v2\/categories?post=311"},{"taxonomy":"post_tag","embeddable":true,"href":"https:\/\/clinicajamal.com.br\/site\/wp-json\/wp\/v2\/tags?post=311"}],"curies":[{"name":"wp","href":"https:\/\/api.w.org\/{rel}","templated":true}]}}